{"id":1929,"date":"2012-07-10T10:04:05","date_gmt":"2012-07-10T10:04:05","guid":{"rendered":"http:\/\/www.marcobani.it\/blog\/2012\/07\/10\/pratalepisanova-un-momento-per-incontrarci\/"},"modified":"2012-07-10T10:04:05","modified_gmt":"2012-07-10T10:04:05","slug":"pratalepisanova-un-momento-per-incontrarci","status":"publish","type":"post","link":"https:\/\/www.marcobani.it\/blog\/2012\/07\/10\/pratalepisanova-un-momento-per-incontrarci\/","title":{"rendered":"#PratalePisanova Un momento per incontrarci"},"content":{"rendered":"<p><a href=\"http:\/\/www.marcobani.it\/blog\/wp-content\/uploads\/2012\/07\/309334_4300624756765_577692274_n-1.jpg\"><img loading=\"lazy\" decoding=\"async\" class=\"alignleft size-medium wp-image-14739\" title=\"309334_4300624756765_577692274_n (1)\" src=\"http:\/\/www.marcobani.it\/blog\/wp-content\/uploads\/2012\/07\/309334_4300624756765_577692274_n-1-212x300.jpg\" alt=\"\" width=\"212\" height=\"300\" \/><\/a>Se c&#8217;\u00e8 qualcosa che vorrei migliorare della mia attivit\u00e0 politica \u00e8 un maggiore impegno nella vita di quartiere. Troppo perso nelle vicende cittadine tout court o in quelle nazionali sto perdendo la bellezza di una politica di prossimit\u00e0, di vicinanza: le piccole, piccolissime cose che soddisfano le esigenze di un vicinato e migliorano la qualit\u00e0 di un quartiere.<br \/>\nPer questo \u00e8 con grande piacere che parteciper\u00f2 stasera all&#8217;assemblea pubblica del mio quartiere, incluso nel Consiglio territoriale 5 (Pratale, Don Bosco, San Francesco, Pisanova Cisanello), alle 21 al Circolo Arci in VIa Frascani (accanto all&#8217;Isola Verde). Un momento per evidenziare le cose fatte dall&#8217;amministrazione, ma soprattutto quelle ancora da fare. Sperando in una partecipazione attiva dei cittadini, gli unici capaci di farci capire cosa non va e cosa potremmo fare. Un momento per allontanare gli stereotipi di una politica lontana e sorda. Abbiamo bisogno dell&#8217;aiuto di tutti, garantiamo i ventilatori! A stasera!<\/p>\n<p>Ecco un breve elenco delle opere pubbliche che insistono nel CTP 5, per alimentare la discussione:<\/p>\n<p><!--more--><\/p>\n<p><strong>Di recente conclusione<\/strong><br \/>\n&#8211; Riasfaltature di<br \/>\no via Santa Marta<br \/>\no via Gioberti<br \/>\no via del Borghetto<br \/>\no via Lombardia<br \/>\no via Friuli<br \/>\no via Piemonte<br \/>\n&#8211; Parcheggio via del Brennero<br \/>\n&#8211; Pannelli fotovoltaici su scuola Gereschi e su scuola Damiano Chiesa<br \/>\n&#8211; Pista ciclabile lungo l\u2019acquedotto via Don Bosco<br \/>\n&#8211; Adeguamento area camper nel parcheggio di via di Pratale<br \/>\n<strong>In corso o di prossimo avvio<\/strong><br \/>\n&#8211; Progetto Mura \/ Piuss: entro febbraio 2013 prevista la conclusione del tratto<br \/>\nda Piazza Duomo a Piazza Gondole, compreso il parco limitrofo a via San<br \/>\nFrancesco; entro fine 2013 conclusione del tratto da Piazza Gondole a<br \/>\nPiazza del Rosso<br \/>\n&#8211; Officine Garibaldi di Via Gioberti (intervento Piuss\/Provincia)<br \/>\n&#8211; Nuova biblioteca comunale: edificio completato entro il luglio 2012,<br \/>\nattivazione servizio entro fine 2012<br \/>\n&#8211; Rotatoria CNR\/via di Pratale: in fase di rinnovo la convenzione con la regione<br \/>\nper il finanziamento dell\u2019opera<br \/>\n&#8211; Riqualificazione via Norvegia: demolizione ex asilo in corso; variante per<br \/>\nla realizzazione di edificio d\u2019interesse pubblico (pi\u00f9 orti e nuova strada) in<br \/>\nfase di avvio; in corso la progettazione della riqualificazione del parcheggio<br \/>\n(illuminazione, stalli, arredi) con conclusione lavori entro febbraio 2013<br \/>\n&#8211; Fontanello acqua alta qualit\u00e0 (con societ\u00e0 Acque) in via Frascani<br \/>\n&#8211; Collegamento piste ciclabili tra via Matteucci, via Matteotti e via Bargagna<br \/>\n&#8211; Area gioco scuola De Andr\u00e8<br \/>\n&#8211; Rifacimento bagni scuola Damiano Chiesa<br \/>\n&#8211; Recupero tratto di acquedotto mediceo: in corso richiesta di finanziamento<br \/>\nalla Fondazione CariPisa<\/p>\n<p>Definitiva chiusura di lottizzazioni ancora non concluse: individuazione di due<br \/>\ncasi significativi nel quartiere e definizione entro fine 2012<br \/>\n&#8211; Scuola elementare Oberdan: lavori di riqualificazioni previsti nel 2013 grazie<br \/>\na finanziamenti Cipe<br \/>\n&#8211; Manutenzioni aree a verde: via Goldoni, via Concetto Marchesi, viale delle<br \/>\nPiagge<br \/>\n<strong>Priorit\u00e0 per il futuro<\/strong><br \/>\n&#8211; Parcheggio definitivo ad uso nuovo Ospedale: rinviato al 2013 a seguito dei<br \/>\nnuovi tempi previsti per il completamento dell\u2019Ospedale di Cisanello<br \/>\n&#8211; Variante a Nord-Est: prossima approvazione della variante urbanistica e del<br \/>\nprogetto definitivo<br \/>\n&#8211; Completamento SMS: in corso rapporti con la regione per il finanziamento<br \/>\ndell\u2019opera<br \/>\n&#8211; Progetto Tramvia Stazione\/Ospedale: in corso gara per l\u2019affidamento della<br \/>\nprogettazione preliminare<br \/>\n&#8211; Variante di via Bargagna: in corso approfondimento, avvio iter nell\u2019ambito<br \/>\ndella variante di interesse pubblico<br \/>\n&#8211; Cittadelle dello sport (Pratale \/ Cisanello)<br \/>\n&#8211; Realizzazione strada di collegamento tra via Moruzzi e via di Padule<br \/>\n&#8211; Estensioni fognarie per allacciamento condomini ancora sconnessi:<br \/>\nprogrammazione a partire dalla fine del potenziamento del depuratore di San<br \/>\nJacopo da parte di Acque SpA<br \/>\n&#8211; Riqualificazione complessiva di via Pratale: alberature, marciapiedi, pista<br \/>\nciclabile, illuminazione<\/p>\n","protected":false},"excerpt":{"rendered":"<p>Se c&#8217;\u00e8 qualcosa che vorrei migliorare della mia attivit\u00e0 politica \u00e8 un maggiore impegno nella vita di quartiere. Troppo perso nelle vicende cittadine tout court o in quelle nazionali sto perdendo la bellezza di una politica di prossimit\u00e0, di vicinanza: le piccole, piccolissime cose che soddisfano le esigenze di un vicinato e migliorano la qualit\u00e0 [&hellip;]<\/p>\n","protected":false},"author":1,"featured_media":0,"comment_status":"open","ping_status":"open","sticky":false,"template":"","format":"standard","meta":{"footnotes":""},"categories":[3],"tags":[],"_links":{"self":[{"href":"https:\/\/www.marcobani.it\/blog\/wp-json\/wp\/v2\/posts\/1929"}],"collection":[{"href":"https:\/\/www.marcobani.it\/blog\/wp-json\/wp\/v2\/posts"}],"about":[{"href":"https:\/\/www.marcobani.it\/blog\/wp-json\/wp\/v2\/types\/post"}],"author":[{"embeddable":true,"href":"https:\/\/www.marcobani.it\/blog\/wp-json\/wp\/v2\/users\/1"}],"replies":[{"embeddable":true,"href":"https:\/\/www.marcobani.it\/blog\/wp-json\/wp\/v2\/comments?post=1929"}],"version-history":[{"count":0,"href":"https:\/\/www.marcobani.it\/blog\/wp-json\/wp\/v2\/posts\/1929\/revisions"}],"wp:attachment":[{"href":"https:\/\/www.marcobani.it\/blog\/wp-json\/wp\/v2\/media?parent=1929"}],"wp:term":[{"taxonomy":"category","embeddable":true,"href":"https:\/\/www.marcobani.it\/blog\/wp-json\/wp\/v2\/categories?post=1929"},{"taxonomy":"post_tag","embeddable":true,"href":"https:\/\/www.marcobani.it\/blog\/wp-json\/wp\/v2\/tags?post=1929"}],"curies":[{"name":"wp","href":"https:\/\/api.w.org\/{rel}","templated":true}]}}