{"id":1926,"date":"2012-07-03T11:03:16","date_gmt":"2012-07-03T11:03:16","guid":{"rendered":"http:\/\/www.marcobani.it\/blog\/2012\/07\/03\/la-vera-crisi-e-la-crisi-dellincompetenza\/"},"modified":"2012-07-03T11:03:16","modified_gmt":"2012-07-03T11:03:16","slug":"la-vera-crisi-e-la-crisi-dellincompetenza","status":"publish","type":"post","link":"https:\/\/www.marcobani.it\/blog\/2012\/07\/03\/la-vera-crisi-e-la-crisi-dellincompetenza\/","title":{"rendered":"La vera #crisi, \u00e8 la crisi dell\u2019incompetenza"},"content":{"rendered":"<p>Calabresi \u00e8 un grande giornalista. E&#8217; un &#8220;pittore&#8221; che usa le parole come colori e il giornale come quadro. E il <a href=\"http:\/\/www.lastampa.it\/_web\/cmstp\/tmplRubriche\/editoriali\/gEditoriali.asp?ID_blog=25&amp;ID_articolo=10288\">suo ultimo editoriale sulle parole di Prandelli e il parallelismo con l&#8217;Italia<\/a> \u00e8 un&#8217;opera d&#8217;arte da leggere e incorniciare.<br \/>\nQuello che mi ha colpito di pi\u00f9 \u00e8 la citazione a conclusione del pezzo, &#8220;rubata&#8221; al grande Albert Einstein. E non c&#8217;\u00e8 da stupirsi, perch\u00e9 oltre a essere ricordato come un grande fisico, lo scienziato era anche un filosofo. E nel libro \u00abIl mondo come io lo vedo\u00bb si possono trovare riflessioni adatte ai tempi che stiamo vivendo e che dovremmo cominciare a seguire:<\/p>\n<blockquote><p> \u00abNon possiamo pretendere che le cose cambino, se continuiamo a fare le stesse cose. \u00c8 nella crisi che sorge l\u2019inventiva, le scoperte e le grandi strategie. Chi supera la crisi supera s\u00e9 stesso senza essere superato. Chi attribuisce alla crisi i suoi fallimenti e difficolt\u00e0, violenta il suo stesso talento e d\u00e0 pi\u00f9 valore ai problemi che alle soluzioni. La vera crisi, \u00e8 la crisi dell\u2019incompetenza. L\u2019inconveniente delle persone e delle nazioni \u00e8 la pigrizia nel cercare soluzioni e vie di uscita. Senza crisi non ci sono sfide, senza sfide la vita \u00e8 una routine, una lenta agonia. Senza crisi non c\u2019\u00e8 merito. \u00c8 nella crisi che emerge il meglio di ognuno, perch\u00e9 senza crisi tutti i venti sono solo lievi brezze. Parlare di crisi significa incrementarla, e tacere nella crisi \u00e8 esaltare il conformismo. Invece, lavoriamo duro. Finiamola una volta per tutte con l\u2019unica crisi pericolosa, che \u00e8 la tragedia di non voler lottare per superarla\u00bb.<\/p><\/blockquote>\n","protected":false},"excerpt":{"rendered":"<p>Calabresi \u00e8 un grande giornalista. E&#8217; un &#8220;pittore&#8221; che usa le parole come colori e il giornale come quadro. E il suo ultimo editoriale sulle parole di Prandelli e il parallelismo con l&#8217;Italia \u00e8 un&#8217;opera d&#8217;arte da leggere e incorniciare. Quello che mi ha colpito di pi\u00f9 \u00e8 la citazione a conclusione del pezzo, &#8220;rubata&#8221; [&hellip;]<\/p>\n","protected":false},"author":1,"featured_media":0,"comment_status":"open","ping_status":"open","sticky":false,"template":"","format":"standard","meta":{"footnotes":""},"categories":[3],"tags":[],"_links":{"self":[{"href":"https:\/\/www.marcobani.it\/blog\/wp-json\/wp\/v2\/posts\/1926"}],"collection":[{"href":"https:\/\/www.marcobani.it\/blog\/wp-json\/wp\/v2\/posts"}],"about":[{"href":"https:\/\/www.marcobani.it\/blog\/wp-json\/wp\/v2\/types\/post"}],"author":[{"embeddable":true,"href":"https:\/\/www.marcobani.it\/blog\/wp-json\/wp\/v2\/users\/1"}],"replies":[{"embeddable":true,"href":"https:\/\/www.marcobani.it\/blog\/wp-json\/wp\/v2\/comments?post=1926"}],"version-history":[{"count":0,"href":"https:\/\/www.marcobani.it\/blog\/wp-json\/wp\/v2\/posts\/1926\/revisions"}],"wp:attachment":[{"href":"https:\/\/www.marcobani.it\/blog\/wp-json\/wp\/v2\/media?parent=1926"}],"wp:term":[{"taxonomy":"category","embeddable":true,"href":"https:\/\/www.marcobani.it\/blog\/wp-json\/wp\/v2\/categories?post=1926"},{"taxonomy":"post_tag","embeddable":true,"href":"https:\/\/www.marcobani.it\/blog\/wp-json\/wp\/v2\/tags?post=1926"}],"curies":[{"name":"wp","href":"https:\/\/api.w.org\/{rel}","templated":true}]}}