{"id":1918,"date":"2012-06-19T09:53:45","date_gmt":"2012-06-19T09:53:45","guid":{"rendered":"http:\/\/www.marcobani.it\/blog\/2012\/06\/19\/a-cosa-serve-la-cultura\/"},"modified":"2012-06-19T09:53:45","modified_gmt":"2012-06-19T09:53:45","slug":"a-cosa-serve-la-cultura","status":"publish","type":"post","link":"https:\/\/www.marcobani.it\/blog\/2012\/06\/19\/a-cosa-serve-la-cultura\/","title":{"rendered":"A cosa serve la #cultura"},"content":{"rendered":"<p>Una delle migliori definizioni sull&#8217;importanza della cultura l&#8217;ha detta Zygmunt Bauman, intervistato questa settimana dal Venerd\u00ec di Repubblica, in un intrigante intreccio tra il sigificato della vita e l&#8217;ineluttibilit\u00e0 della morte:<\/p>\n<blockquote><p><em>&#8220;\u00c8 la consapevolezza della fine che infonde ogni momento che la precede un meraviglioso significato. Non tanto perch\u00e8 ci d\u00e0 il significato ultimo della vita, quanto perch\u00e8 ci incita e ci costringe a riempire le nostre vite con significati. \u00c8 quella consapevolezza che ci spinge a cercare nuovi inizi.<br \/>\nSenza morte non c&#8217;\u00e8 la cultura, ovvero il tentativo di rendere la vita vivibile nonostante la consapevolezza della mortalit\u00e0.<br \/>\n\u00c8 proprio la caratteristica non negoziabile della brevit\u00e0 del tempo a nostra disposizione , della probabilit\u00e0 di lasciare progetti incompiuti che spinge gli umani all&#8217;azione e fa volare l&#8217;immaginario.<br \/>\nLa cultura \u00e8 il tentativo di gettare un ponte tra le due sponde, vita mortale e immortalit\u00e0, e ci spinge a lasciare una traccia della nostra seppur breve visita.&#8221;<\/em><\/p><\/blockquote>\n<p>Se la cultura \u00e8 uno dei significati primari della vita, forse governi e amministrazioni locali, quando destinano  alla promozione di attivit\u00e0 culturali pochi &#8220;spiccioli&#8221;, stanno sbagliando qualcosa.<\/p>\n","protected":false},"excerpt":{"rendered":"<p>Una delle migliori definizioni sull&#8217;importanza della cultura l&#8217;ha detta Zygmunt Bauman, intervistato questa settimana dal Venerd\u00ec di Repubblica, in un intrigante intreccio tra il sigificato della vita e l&#8217;ineluttibilit\u00e0 della morte: &#8220;\u00c8 la consapevolezza della fine che infonde ogni momento che la precede un meraviglioso significato. Non tanto perch\u00e8 ci d\u00e0 il significato ultimo della [&hellip;]<\/p>\n","protected":false},"author":1,"featured_media":0,"comment_status":"open","ping_status":"open","sticky":false,"template":"","format":"standard","meta":{"footnotes":""},"categories":[3],"tags":[],"_links":{"self":[{"href":"https:\/\/www.marcobani.it\/blog\/wp-json\/wp\/v2\/posts\/1918"}],"collection":[{"href":"https:\/\/www.marcobani.it\/blog\/wp-json\/wp\/v2\/posts"}],"about":[{"href":"https:\/\/www.marcobani.it\/blog\/wp-json\/wp\/v2\/types\/post"}],"author":[{"embeddable":true,"href":"https:\/\/www.marcobani.it\/blog\/wp-json\/wp\/v2\/users\/1"}],"replies":[{"embeddable":true,"href":"https:\/\/www.marcobani.it\/blog\/wp-json\/wp\/v2\/comments?post=1918"}],"version-history":[{"count":0,"href":"https:\/\/www.marcobani.it\/blog\/wp-json\/wp\/v2\/posts\/1918\/revisions"}],"wp:attachment":[{"href":"https:\/\/www.marcobani.it\/blog\/wp-json\/wp\/v2\/media?parent=1918"}],"wp:term":[{"taxonomy":"category","embeddable":true,"href":"https:\/\/www.marcobani.it\/blog\/wp-json\/wp\/v2\/categories?post=1918"},{"taxonomy":"post_tag","embeddable":true,"href":"https:\/\/www.marcobani.it\/blog\/wp-json\/wp\/v2\/tags?post=1918"}],"curies":[{"name":"wp","href":"https:\/\/api.w.org\/{rel}","templated":true}]}}