{"id":1914,"date":"2012-06-13T10:16:49","date_gmt":"2012-06-13T10:16:49","guid":{"rendered":"http:\/\/www.marcobani.it\/blog\/2012\/06\/13\/pisa-le-primarie-dellamore-perduto\/"},"modified":"2012-06-13T10:16:49","modified_gmt":"2012-06-13T10:16:49","slug":"pisa-le-primarie-dellamore-perduto","status":"publish","type":"post","link":"https:\/\/www.marcobani.it\/blog\/2012\/06\/13\/pisa-le-primarie-dellamore-perduto\/","title":{"rendered":"#Pisa Le primarie dell&#8217;amore perduto"},"content":{"rendered":"<p>Con Federico Russo e Stefano Landucci condividiamo un approccio pi\u00f9 sognatore del Partito democratico. Insieme abbiamo fatto tante battaglie, partecipato a mille riunioni, percorso migliaia di km, solamente per dare nuovi stimoli a un partito che troppe volte dimostra di parlarsi all&#8217;ombellico. Ma non per questo ci siamo sentiti una &#8220;corrente&#8221; interna, troppo liberi per cedere la nostra &#8220;indipendenza&#8221; a un&#8217;altra persona, troppo politicamente atei per credere ciecamente a un leader. Certo, non nascondiamo di provare simpatie per i temi espressi da Pippo Civati (magistralmente <a href=\"http:\/\/www.bookrepublic.it\/book\/9788896999264-10-cose-buone-per-litalia-che-la-sinistra-deve-fare-subito\/\">espressi nel suo ultimo libro<\/a>), ma non per questo ci siamo rinchiusi in un gruppo, proprio per evitare un &#8220;elitismo&#8221; pernicioso che potrebbe precludere la partecipazione di altri. In un gruppo di lavoro cos\u00ec moderatamente anarchico, proprio perch\u00e9 alla fine come obiettivo non c&#8217;\u00e8 una rendita temporanea di posizione ma uno stimolo continuo alla discussione, \u00e8 normale che ci si muova anche in modo separato, cercando di sfruttare tutti gli spazi possibili.  Come nel caso del loro appello alle primarie per il prossimo sindaco di Pisa, ovvero la richiesta a Marco Filippeschi di fare &#8220;un atto di generosit\u00e0 non dovuto e il coraggio di una sfida&#8221;.<br \/>\nUn appello legittimo, con la lucida consapevolezza di essere l&#8217;unico partito che si pu\u00f2 permettere di parlare di primarie perch\u00e9 le fa veramente. Ma non ho firmato questo appello perch\u00e9 le primarie in s\u00e9 non sono la soluzione alla richiesta di partecipazione. Sono solo un freddo strumento da riempire di contenuti, ovvero un mezzo per permettere a diverse visioni e idee di mettersi in mostra e di essere testate dalla cittadinanza. Allora s\u00ec che hanno un senso.<br \/>\nNon vedo l&#8217;appello di Federico e Stefano come un atto di lesa maest\u00e0, anzi come uno stimolo per una campagna elettorale che deve essere pi\u00f9 partecipata possibile. Mi aspetto per\u00f2 una spinta maggiore, ovvero la presentazione di un programma alternativo rispetto alle linee delineate in questi anni. Perch\u00e9 ovviamente le primarie non devono essere &#8220;contro&#8221; Filippeschi, anche perch\u00e9 le decisioni fatte fino ad adesso sono state prese collegialmente da amministrazione, consiglio comunale, maggioranza e partito, dove le voci di dissenso sono state minori.<br \/>\nNon sar\u00f2 certamente io a ostacolare la richiesta di primarie, proprio in un momento di rinnovata fiducia nella dirigenza nazionale che ha proposto la sfida per il candidato premier del centrosinistra. A livello nazionale le primarie serviranno per definire l&#8217;offerta politica dei diversi candidati, con diverse idee di paese che si scontreranno. A Pisa deve essere lo stesso, altrimenti dedicher\u00f2 tutte le mie forze nel continuare ad appoggiare l&#8217;idea di citt\u00e0 tratteggiata in questi anni, lavorando per superare alcune sensibilit\u00e0 trascurate in questi anni. Ma anche questo eventuale processo di &#8220;rafforzamento&#8221; della linea attuale deve vedere momenti innovativi di partecipazione, proprio per superare lo &#8220;spread&#8221; tra politica e cittadini.<br \/>\nPrevale nella cosiddetta base l&#8217; impressione di non contare nulla, premessa di un assenteismo punitivo nelle prossime elezioni locali. Eppure \u00e8 paradossale che il fenomeno del distacco si verifichi in un&#8217;epoca caratterizzata, come non mai, dalla possibilit\u00e0, ampiamente realizzata da milioni di individui, di interscambio di massa tra le persone singole e tra queste ed ogni tipo di istituzione. Si rischia di rimanere anchilosati in riti ormai disseccati, non accorgendosi del potenziale organizzativo e propositivo promosso dalle nuove tecnologie e dalla voglia di partecipare.<br \/>\nPerch\u00e9 quando si tratta di risvegliare gli indifferenti o di scuotere i delusi la sfida va oltre le semplici primarie, ed \u00e8 quella di tornare ad innamorarsi della politica. Altrimenti anche le primarie rischiano di essere un atto d\u2019amore triste, simile a quello cantato da De Andr\u00e8: \u201cnon resta che qualche svogliata carezza e un po\u2019 di tenerezza\u201d.<\/p>\n","protected":false},"excerpt":{"rendered":"<p>Con Federico Russo e Stefano Landucci condividiamo un approccio pi\u00f9 sognatore del Partito democratico. Insieme abbiamo fatto tante battaglie, partecipato a mille riunioni, percorso migliaia di km, solamente per dare nuovi stimoli a un partito che troppe volte dimostra di parlarsi all&#8217;ombellico. Ma non per questo ci siamo sentiti una &#8220;corrente&#8221; interna, troppo liberi per [&hellip;]<\/p>\n","protected":false},"author":1,"featured_media":0,"comment_status":"open","ping_status":"open","sticky":false,"template":"","format":"standard","meta":{"footnotes":""},"categories":[3],"tags":[],"_links":{"self":[{"href":"https:\/\/www.marcobani.it\/blog\/wp-json\/wp\/v2\/posts\/1914"}],"collection":[{"href":"https:\/\/www.marcobani.it\/blog\/wp-json\/wp\/v2\/posts"}],"about":[{"href":"https:\/\/www.marcobani.it\/blog\/wp-json\/wp\/v2\/types\/post"}],"author":[{"embeddable":true,"href":"https:\/\/www.marcobani.it\/blog\/wp-json\/wp\/v2\/users\/1"}],"replies":[{"embeddable":true,"href":"https:\/\/www.marcobani.it\/blog\/wp-json\/wp\/v2\/comments?post=1914"}],"version-history":[{"count":0,"href":"https:\/\/www.marcobani.it\/blog\/wp-json\/wp\/v2\/posts\/1914\/revisions"}],"wp:attachment":[{"href":"https:\/\/www.marcobani.it\/blog\/wp-json\/wp\/v2\/media?parent=1914"}],"wp:term":[{"taxonomy":"category","embeddable":true,"href":"https:\/\/www.marcobani.it\/blog\/wp-json\/wp\/v2\/categories?post=1914"},{"taxonomy":"post_tag","embeddable":true,"href":"https:\/\/www.marcobani.it\/blog\/wp-json\/wp\/v2\/tags?post=1914"}],"curies":[{"name":"wp","href":"https:\/\/api.w.org\/{rel}","templated":true}]}}