{"id":1910,"date":"2012-06-04T11:44:49","date_gmt":"2012-06-04T11:44:49","guid":{"rendered":"http:\/\/www.marcobani.it\/blog\/2012\/06\/04\/la-famiglia-invisibile-di-alex-e-antonio-storiediordinariafollia\/"},"modified":"2012-06-04T11:44:49","modified_gmt":"2012-06-04T11:44:49","slug":"la-famiglia-invisibile-di-alex-e-antonio-storiediordinariafollia","status":"publish","type":"post","link":"https:\/\/www.marcobani.it\/blog\/2012\/06\/04\/la-famiglia-invisibile-di-alex-e-antonio-storiediordinariafollia\/","title":{"rendered":"La #famiglia invisibile di Alex e Antonio #storiediordinariafollia"},"content":{"rendered":"<p>Ah la famiglia, il centro di ogni vita umana. Un milione di pellegrini sono giunti a Milano in occasione del settimo incontro mondiale delle famiglie. Guest star Papa Benedetto XVI.<\/p>\n<p>Anche Antonio e Alex volevano andare. D&#8217;altra parte incarnano in pieno le parole che Papa Ratzinger ha usato per delineare &#8220;la famiglia&#8221;: nonostante  stiano insieme da quasi sette anni si amano ancora follemente, si &#8220;valorizzano reciprocamente&#8221; e entrambi hanno un rispetto infinito per le sensibilit\u00e0 dell&#8217;altro. Si sono sposati quattro anni fa in Spagna, dove si sono conosciuti per lavoro, vicino a Granada, in un assolato sabato di Luglio. La loro coppia \u00e8 stata &#8220;benedetta&#8221; dall&#8217;arrivo di un bellissimo bimbo di colore, Mattias. S\u00ec, hanno dovuto adottarlo perch\u00e9 Antonio, per colpa di una malattia genetica, \u00e8 sterile.<br \/>\nTutta la famiglia \u00e8 poi rientrata in Italia un paio di anni fa, un po&#8217; per nostalgia, un po&#8217; per assistere la madre malata di Alex.<br \/>\nAntonio, da cattolico praticante e fermamente credente, ha seguito tutta la trasmissione dedicata all&#8217;evento di ieri, trovando particolare sollievo nelle parole di conforto del Papa per chi \u00e8 segnato da esperienze dolorose di fallimento e di separazione, incoraggiandoli a rimanere uniti nelle rispettive comunit\u00e0.<br \/>\nMentre vedeva la diretta alla televisione e Alex preparava il pranzo, guardava Matias, perfettamentente integrato nella scuola materna dietro casa e pensava a quanto era felice di averli entrambi nella sua vita. Pensava alla sorpresa che avrebbe fatto loro, quando avrebbe annunciato una vacanza a sorpresa nel luogo preferito di Alex: l&#8217;isola d&#8217;Elba. Avrebbe fatto di tutto per la loro felicit\u00e0, per garantirgli pace e serenit\u00e0. Era loro &#8220;schiavo&#8221;, riprendendo il termine latino familia: &#8220;gruppo di servi e schiavi patrimonio del capo della gens&#8221;. Ma nella sua casa non dominava nessun capo, ma solo sentimenti e <a href=\"http:\/\/milano.repubblica.it\/cronaca\/2012\/06\/03\/news\/un_milione_per_la_messa_del_papa_atteso_anche_il_premier_monti-36453738\/\">valori ricordati anche ieri dal Pontefice<\/a>: amicizia, solidariet\u00e0, uguaglianza, cultura, convivialit\u00e0.<br \/>\nMentre sentiva queste parole alla tv si rammaricava di non essere andato a Milano con la sua famiglia, ad ascoltarle direttamente insieme a tutti gli altri pellegrini. Un velo di tristezza oscur\u00f2 la sua faccia: avrebbe voluto essere l\u00ec, ma non poteva. Non perch\u00e9 c&#8217;era qualche impedimento, la mamma malata o un lavoro da finire. Non poteva andare perch\u00e9 non era una &#8220;famiglia gradita&#8221;. D&#8217;altra parte non era colpa sua se si era innamorato di Alex, diminuitivo di Alessandro. E a Milano (e in Italia) non c&#8217;\u00e8 spazio per loro, cos\u00ec simili nei sogni e nell&#8217;amore alle altre famiglie, eppure cos\u00ec tremendamente diversi, che li rende tristemente una &#8220;non-famiglia&#8221;, invisibile agli occhi della religione e dello Stato.<\/p>\n","protected":false},"excerpt":{"rendered":"<p>Ah la famiglia, il centro di ogni vita umana. Un milione di pellegrini sono giunti a Milano in occasione del settimo incontro mondiale delle famiglie. Guest star Papa Benedetto XVI. Anche Antonio e Alex volevano andare. D&#8217;altra parte incarnano in pieno le parole che Papa Ratzinger ha usato per delineare &#8220;la famiglia&#8221;: nonostante stiano insieme [&hellip;]<\/p>\n","protected":false},"author":1,"featured_media":0,"comment_status":"open","ping_status":"open","sticky":false,"template":"","format":"standard","meta":{"footnotes":""},"categories":[3],"tags":[],"_links":{"self":[{"href":"https:\/\/www.marcobani.it\/blog\/wp-json\/wp\/v2\/posts\/1910"}],"collection":[{"href":"https:\/\/www.marcobani.it\/blog\/wp-json\/wp\/v2\/posts"}],"about":[{"href":"https:\/\/www.marcobani.it\/blog\/wp-json\/wp\/v2\/types\/post"}],"author":[{"embeddable":true,"href":"https:\/\/www.marcobani.it\/blog\/wp-json\/wp\/v2\/users\/1"}],"replies":[{"embeddable":true,"href":"https:\/\/www.marcobani.it\/blog\/wp-json\/wp\/v2\/comments?post=1910"}],"version-history":[{"count":0,"href":"https:\/\/www.marcobani.it\/blog\/wp-json\/wp\/v2\/posts\/1910\/revisions"}],"wp:attachment":[{"href":"https:\/\/www.marcobani.it\/blog\/wp-json\/wp\/v2\/media?parent=1910"}],"wp:term":[{"taxonomy":"category","embeddable":true,"href":"https:\/\/www.marcobani.it\/blog\/wp-json\/wp\/v2\/categories?post=1910"},{"taxonomy":"post_tag","embeddable":true,"href":"https:\/\/www.marcobani.it\/blog\/wp-json\/wp\/v2\/tags?post=1910"}],"curies":[{"name":"wp","href":"https:\/\/api.w.org\/{rel}","templated":true}]}}