{"id":1902,"date":"2012-05-23T09:39:54","date_gmt":"2012-05-23T09:39:54","guid":{"rendered":"http:\/\/www.marcobani.it\/blog\/2012\/05\/23\/falcone-limportante-non-e-stabilire-se-uno-ha-paura-o-meno-e-saper-convivere-con-la-propria-paura-e-non-farsi-condizionare-dalla-stessa\/"},"modified":"2012-05-23T09:39:54","modified_gmt":"2012-05-23T09:39:54","slug":"falcone-limportante-non-e-stabilire-se-uno-ha-paura-o-meno-e-saper-convivere-con-la-propria-paura-e-non-farsi-condizionare-dalla-stessa","status":"publish","type":"post","link":"https:\/\/www.marcobani.it\/blog\/2012\/05\/23\/falcone-limportante-non-e-stabilire-se-uno-ha-paura-o-meno-e-saper-convivere-con-la-propria-paura-e-non-farsi-condizionare-dalla-stessa\/","title":{"rendered":"#falcone L\u2019importante non \u00e8 stabilire se uno ha paura o meno, \u00e8 saper convivere con la propria paura e non farsi condizionare dalla stessa."},"content":{"rendered":"<p>Non so se ho degli amici particolarmente &#8220;sensibili&#8221; o se i fatti di Brindisi hanno amplificato i sentimenti. Sicuramente oggi Facebook e Twitter sono stracolmi di ricordi e di citazioni riguardanti la strage di Capaci. E non pu\u00f2 che farmi piacere.<\/p>\n<p>Nel nostro piccolo oggi faremo un consiglio comunale straordinario per ricordare quello che \u00e8 successo, aperto alla cittadinanza. Inizier\u00e0 alle 14, per finire alle 17.30, giusto in tempo per la manifestazione collettiva che partir\u00e0 dal Liceo DINI. Da l\u00ec inizier\u00e0 il corteo provinciale che passer\u00e0 per la citt\u00e0 per dire &#8220;no alla violenza che ha colpito in questi giorni i sogni e le speranze di una generazione&#8221;. <\/p>\n<p>Tutto ci\u00f2 avviene in un momento di profonda riflessione su cio&#8217; che sconvolse lo Stato Italiano venti anni fa. Non so se esistono gli eroi, ma sono sicuro che ci sono uomini che vanno sempre ricordati e onorati per il coraggio dimostrato. Giovanni Falcone \u00e8 uno di questi. Dopo Capaci, la Mafia non \u00e8 assolutamente sconfitta, ma fa meno paura. Uccidere i due servitori dello stato \u00e8 stato un errore, che paradossalmente si \u00e8 ritorto contro chi ha organizzato quelle stragi. Tutti i mandanti si sono piegati allo Stato e stanno espiando le loro colpe in prigione.\u00a0Ma vorrei ricordarmi di Falcone non per il suo ultimo, fatale sacrificio, ma per le cose che ha detto e che ha fatto quando era ancora in vita. Quando era un uomo che combatteva per lo Stato, per spezzare una situazione degenerata e malata, contro quelli che gli dicevano di desistere. Quando era un uomo, con le sue paure e le sue ansie, che per farsi forza teneva nel portafoglio due citazioni:<\/p>\n<ul>\n<li>Gli uomini passano, le idee restano. Restano le loro tensioni morali e continueranno a camminare sulle gambe di altri uomini. (Camillo Benso, conte di Cavour, dalle Lettere edite ed inedite di Camillo Cavour, 1887.)<\/li>\n<li>Un uomo fa quello che \u00e8 suo dovere fare, quali che siano le conseguenze personali, quali che siano gli ostacoli, i pericoli o le pressioni. Questa \u00e8 la base di tutta la moralit\u00e0 umana. (John Fitzgerald Kennedy)<\/li>\n<\/ul>\n<p>Dimenticarsi di Falcone sarebbe un regalo troppo costoso alla Mafia, onoriamo il suo coraggio e portate la sua lezione nei vostri cuori e nella mente.<\/p>\n<p>Regalatevi un\u2019emozione, guardate il video e ricordatevi che: \u201cL\u2019importante non \u00e8 stabilire se uno ha paura o meno, \u00e8 saper convivere con la propria paura e non farsi condizionare dalla stessa. Ecco, il coraggio \u00e8 questo, altrimenti non \u00e8 pi\u00f9 coraggio ma incoscienza.\u201d(Giovanni Falcone)<\/p>\n<p><iframe loading=\"lazy\" width=\"420\" height=\"315\" src=\"http:\/\/www.youtube.com\/embed\/MRG7KXSMD5A\" frameborder=\"0\" allowfullscreen><\/iframe><\/p>\n","protected":false},"excerpt":{"rendered":"<p>Non so se ho degli amici particolarmente &#8220;sensibili&#8221; o se i fatti di Brindisi hanno amplificato i sentimenti. Sicuramente oggi Facebook e Twitter sono stracolmi di ricordi e di citazioni riguardanti la strage di Capaci. E non pu\u00f2 che farmi piacere. Nel nostro piccolo oggi faremo un consiglio comunale straordinario per ricordare quello che \u00e8 [&hellip;]<\/p>\n","protected":false},"author":1,"featured_media":0,"comment_status":"open","ping_status":"open","sticky":false,"template":"","format":"standard","meta":{"footnotes":""},"categories":[3],"tags":[],"_links":{"self":[{"href":"https:\/\/www.marcobani.it\/blog\/wp-json\/wp\/v2\/posts\/1902"}],"collection":[{"href":"https:\/\/www.marcobani.it\/blog\/wp-json\/wp\/v2\/posts"}],"about":[{"href":"https:\/\/www.marcobani.it\/blog\/wp-json\/wp\/v2\/types\/post"}],"author":[{"embeddable":true,"href":"https:\/\/www.marcobani.it\/blog\/wp-json\/wp\/v2\/users\/1"}],"replies":[{"embeddable":true,"href":"https:\/\/www.marcobani.it\/blog\/wp-json\/wp\/v2\/comments?post=1902"}],"version-history":[{"count":0,"href":"https:\/\/www.marcobani.it\/blog\/wp-json\/wp\/v2\/posts\/1902\/revisions"}],"wp:attachment":[{"href":"https:\/\/www.marcobani.it\/blog\/wp-json\/wp\/v2\/media?parent=1902"}],"wp:term":[{"taxonomy":"category","embeddable":true,"href":"https:\/\/www.marcobani.it\/blog\/wp-json\/wp\/v2\/categories?post=1902"},{"taxonomy":"post_tag","embeddable":true,"href":"https:\/\/www.marcobani.it\/blog\/wp-json\/wp\/v2\/tags?post=1902"}],"curies":[{"name":"wp","href":"https:\/\/api.w.org\/{rel}","templated":true}]}}