{"id":1884,"date":"2012-04-25T07:55:25","date_gmt":"2012-04-25T07:55:25","guid":{"rendered":"http:\/\/www.marcobani.it\/blog\/2012\/04\/25\/perche-festeggiare-il-25-aprile-2\/"},"modified":"2012-04-25T07:55:25","modified_gmt":"2012-04-25T07:55:25","slug":"perche-festeggiare-il-25-aprile-2","status":"publish","type":"post","link":"https:\/\/www.marcobani.it\/blog\/2012\/04\/25\/perche-festeggiare-il-25-aprile-2\/","title":{"rendered":"Perch\u00e9 festeggiare il 25 Aprile?"},"content":{"rendered":"<ul>\n<li>Perch\u00e9 il 25 Aprile \u00e8 una manifestazione civile di libert\u00e0, non \u00e8 politica<\/li>\n<li>Perch\u00e9 il 25 Aprile 1945 segna il culmine del risveglio della coscienza nazionale e civile italiana<\/li>\n<li>Perch\u00e9 \u00e8 vero che &#8220;tutti gli eroi sono giovani e belli&#8221;. <a href=\"http:\/\/www.controcampus.it\/2012\/04\/guccini-offesa-e-tradita-la-mia-locomotiva\/\">Il problema \u00e8 che non tutti sono gli eroi<\/a><\/li>\n<li>Perch\u00e9 il fascismo non \u00e8 solo una grigia nostalgia, ma una minaccia attuale e provocatoria, <a href=\"http:\/\/www.ansa.it\/web\/notizie\/rubriche\/topnews\/2012\/04\/25\/25-aprile-bruciata-lapide-partigiano_6771288.html\">come testimonia la bruciatura di una lapide di un partigiano<\/a><\/li>\n<li>Perch\u00e8 ora pi\u00f9 che mai molti under 30 si sono iscritti all\u2019ANPI<\/li>\n<li>Perch\u00e9 la resistenza non ha colore, ma \u00e8 davvero di tutti<\/li>\n<li>Perch\u00e9 in questo clima di sfiducia ritrovarsi \u00e8 sempre un buon momento per sorridere<\/li>\n<li>Perch\u00e9 il 25 Aprile non significa solo lotta al fascismo, ma viene celebrato anche il valore della democrazia, della libert\u00e0, del pluralismo<\/li>\n<li>Perch\u00e9 saremo anche la generazione post-ideologia, ma i saluti fascisti dopo l\u2019elezione della Polverini e di Alemanno fanno ancora male.<\/li>\n<li>Perch\u00e9 \u201cSe voi volete andare in pellegrinaggio nel luogo dove \u00e8 nata la nostra costituzione, andate nelle montagne dove caddero i partigiani, nelle carceri dove furono imprigionati, nei campi dove furono impiccati. Dovunque \u00e8 morto un italiano per riscattare la libert\u00e0 e la dignit\u00e0, andate l\u00ec, o giovani, col pensiero perch\u00e9 l\u00ec \u00e8 nata la nostra costituzione\u201d (Piero Calamandrei)<\/li>\n<li>Perch\u00e9 di alcune ideologie abbiamo ancora bisogno, per semplificare la nostra visione di societ\u00e0. Prendiamo il meglio e portiamolo con noi.<\/li>\n<li>Perch\u00e9 quando sento Bella Ciao un flusso di emozioni mi pervade; sentimenti di tristezza, di rabbia, di speranza si fondono nelle note di questa bellissima canzone<\/li>\n<li>Perch\u00e9 il vento fischia ancora e la bufera non si placa<\/li>\n<li>Perch\u00e9 gli occhi di un partigiano che racconta la sua storia entrano nel profondo.<\/li>\n<li>Perch\u00e9 la guerra sar\u00e0 finita, ma i conflitti no e stanno lacerando la societ\u00e0 italiana<\/li>\n<li>Perch\u00e9 <a href=\"http:\/\/www.adnkronos.com\/IGN\/News\/Politica\/25-aprile-Napolitano-chiede-unita-Liberazione-e-la-festa-di-tutti_313237871631.html\">come dice il Presidente Napolitano<\/a>: &#8220;la Resistenza \u00e8 stata una grande esperienza collettiva nazionale, un processo di altissimo valore ideale e morale&#8221;<\/li>\n<li>Perch\u00e9 fino a quando qualcuno metter\u00e0 in dubbio la necessit\u00e0 di celebrare l\u2019anniversario della Liberazione, sar\u00f2 e saremo sempre in prima fila, a festeggiarne la memoria.<\/li>\n<\/ul>\n<p><iframe loading=\"lazy\" src=\"http:\/\/www.youtube.com\/embed\/55yCQOioTyY\" frameborder=\"0\" width=\"420\" height=\"315\"><\/iframe><\/p>\n","protected":false},"excerpt":{"rendered":"<p>Perch\u00e9 il 25 Aprile \u00e8 una manifestazione civile di libert\u00e0, non \u00e8 politica Perch\u00e9 il 25 Aprile 1945 segna il culmine del risveglio della coscienza nazionale e civile italiana Perch\u00e9 \u00e8 vero che &#8220;tutti gli eroi sono giovani e belli&#8221;. Il problema \u00e8 che non tutti sono gli eroi Perch\u00e9 il fascismo non \u00e8 solo [&hellip;]<\/p>\n","protected":false},"author":1,"featured_media":0,"comment_status":"open","ping_status":"open","sticky":false,"template":"","format":"standard","meta":{"footnotes":""},"categories":[3],"tags":[],"_links":{"self":[{"href":"https:\/\/www.marcobani.it\/blog\/wp-json\/wp\/v2\/posts\/1884"}],"collection":[{"href":"https:\/\/www.marcobani.it\/blog\/wp-json\/wp\/v2\/posts"}],"about":[{"href":"https:\/\/www.marcobani.it\/blog\/wp-json\/wp\/v2\/types\/post"}],"author":[{"embeddable":true,"href":"https:\/\/www.marcobani.it\/blog\/wp-json\/wp\/v2\/users\/1"}],"replies":[{"embeddable":true,"href":"https:\/\/www.marcobani.it\/blog\/wp-json\/wp\/v2\/comments?post=1884"}],"version-history":[{"count":0,"href":"https:\/\/www.marcobani.it\/blog\/wp-json\/wp\/v2\/posts\/1884\/revisions"}],"wp:attachment":[{"href":"https:\/\/www.marcobani.it\/blog\/wp-json\/wp\/v2\/media?parent=1884"}],"wp:term":[{"taxonomy":"category","embeddable":true,"href":"https:\/\/www.marcobani.it\/blog\/wp-json\/wp\/v2\/categories?post=1884"},{"taxonomy":"post_tag","embeddable":true,"href":"https:\/\/www.marcobani.it\/blog\/wp-json\/wp\/v2\/tags?post=1884"}],"curies":[{"name":"wp","href":"https:\/\/api.w.org\/{rel}","templated":true}]}}